{"id":743,"date":"2025-05-15T22:05:43","date_gmt":"2025-05-15T20:05:43","guid":{"rendered":"https:\/\/conmotoslovakia.sk\/?p=743"},"modified":"2025-05-20T09:13:08","modified_gmt":"2025-05-20T07:13:08","slug":"prazdna-stolicka-2025","status":"publish","type":"post","link":"https:\/\/conmotoslovakia.sk\/?p=743","title":{"rendered":"Pr\u00e1zdna stoli\u010dka 2025"},"content":{"rendered":"\n<figure class=\"wp-block-image size-large\"><a href=\"https:\/\/conmotoslovakia.sk\/wp-content\/uploads\/2025\/05\/stolicka-19.5.jpg\" data-rel=\"lightbox-image-0\" data-rl_title=\"\" data-rl_caption=\"\" title=\"\"><img loading=\"lazy\" decoding=\"async\" width=\"1024\" height=\"576\" src=\"https:\/\/conmotoslovakia.sk\/wp-content\/uploads\/2025\/05\/stolicka-19.5-1024x576.jpg\" alt=\"\" class=\"wp-image-744\" srcset=\"https:\/\/conmotoslovakia.sk\/wp-content\/uploads\/2025\/05\/stolicka-19.5-1024x576.jpg 1024w, https:\/\/conmotoslovakia.sk\/wp-content\/uploads\/2025\/05\/stolicka-19.5-300x169.jpg 300w, https:\/\/conmotoslovakia.sk\/wp-content\/uploads\/2025\/05\/stolicka-19.5-768x432.jpg 768w, https:\/\/conmotoslovakia.sk\/wp-content\/uploads\/2025\/05\/stolicka-19.5-1536x864.jpg 1536w, https:\/\/conmotoslovakia.sk\/wp-content\/uploads\/2025\/05\/stolicka-19.5-1200x675.jpg 1200w, https:\/\/conmotoslovakia.sk\/wp-content\/uploads\/2025\/05\/stolicka-19.5.jpg 1920w\" sizes=\"auto, (max-width: 709px) 85vw, (max-width: 909px) 67vw, (max-width: 1362px) 62vw, 840px\" \/><\/a><\/figure>\n\n\n\n<p><strong>Poz\u00fdvame V\u00e1s na vernis\u00e1\u017e v\u00fdstavy Pr\u00e1zdna stoli\u010dka.<\/strong><\/p>\n\n\n\n<p>V\u00fdstava Pr\u00e1zdna stoli\u010dka, ktor\u00fa pripravili \u017eiaci a u\u010ditelia Evanjelick\u00e9ho kolegi\u00e1lneho gymn\u00e1zia v Pre\u0161ove, je siln\u00fdm pripomenut\u00edm osudov \u017eiakov \u017eidovsk\u00e9ho p\u00f4vodu po\u010das 2. svetovej vojny. Symbol pr\u00e1zdnej stoli\u010dky predstavuje t\u00fdch, ktor\u00fdch miesta v \u0161kolsk\u00fdch laviciach zostali nav\u017edy neobsaden\u00e9.<br>Vernis\u00e1\u017e sa uskuto\u010dn\u00ed v pondelok 19. m\u00e1ja 2025 o 13:00 hod. v Predn\u00e1\u0161kovej miestnosti na -1. poschod\u00ed (pivni\u010dn\u00e9 priestory kni\u017enice) na Slovenskej 18.<br>Expoz\u00edcia bude pr\u00edstupn\u00e1 verejnosti a\u017e do 31. j\u00fala 2025 po\u010das otv\u00e1rac\u00edch hod\u00edn kni\u017enice.<br>Podujatie sa kon\u00e1 pod z\u00e1\u0161titou predsedu Pre\u0161ovsk\u00e9ho samospr\u00e1vneho kraja Milana Majersk\u00e9ho.<\/p>\n\n\n\n<p>Viac inform\u00e1ci\u00ed o podujat\u00ed n\u00e1jdete na na\u0161om webe: <br><a href=\"https:\/\/www.kniznica-poh.sk\/index.php\/o-nas\/sluzby-kniznice\/podujatia-1\/1144-prazdna-stolicka-2025\" target=\"_blank\" rel=\"noreferrer noopener\">https:\/\/www.kniznica-poh.sk\/&#8230;\/1144-prazdna-stolicka-2025<\/a><\/p>\n","protected":false},"excerpt":{"rendered":"<p>Poz\u00fdvame V\u00e1s na vernis\u00e1\u017e v\u00fdstavy Pr\u00e1zdna stoli\u010dka. V\u00fdstava Pr\u00e1zdna stoli\u010dka, ktor\u00fa pripravili \u017eiaci a u\u010ditelia Evanjelick\u00e9ho kolegi\u00e1lneho gymn\u00e1zia v Pre\u0161ove, je siln\u00fdm pripomenut\u00edm osudov \u017eiakov \u017eidovsk\u00e9ho p\u00f4vodu po\u010das 2. svetovej vojny. Symbol pr\u00e1zdnej stoli\u010dky predstavuje t\u00fdch, ktor\u00fdch miesta v \u0161kolsk\u00fdch laviciach zostali nav\u017edy neobsaden\u00e9.Vernis\u00e1\u017e sa uskuto\u010dn\u00ed v pondelok 19. m\u00e1ja 2025 o 13:00 hod. v &hellip; <a href=\"https:\/\/conmotoslovakia.sk\/?p=743\" class=\"more-link\">Pokra\u010dova\u0165 v \u010d\u00edtan\u00ed<span class=\"screen-reader-text\"> &#8222;Pr\u00e1zdna stoli\u010dka 2025&#8220;<\/span><\/a><\/p>\n","protected":false},"author":1,"featured_media":0,"comment_status":"open","ping_status":"open","sticky":false,"template":"","format":"standard","meta":{"footnotes":""},"categories":[1],"tags":[],"class_list":["post-743","post","type-post","status-publish","format-standard","hentry","category-nezaradene"],"yoast_head":"<!-- This site is optimized with the Yoast SEO plugin v27.5 - https:\/\/yoast.com\/product\/yoast-seo-wordpress\/ -->\n<title>Pr\u00e1zdna stoli\u010dka 2025 - CON MOTO SLOVAKIA<\/title>\n<meta name=\"description\" content=\"V\u00fdstava Pr\u00e1zdna stoli\u010dka, ktor\u00fa pripravili \u017eiaci a u\u010ditelia Evanjelick\u00e9ho kolegi\u00e1lneho gymn\u00e1zia v Pre\u0161ove, je siln\u00fdm osudov deportovan\u00fdch\u017eiakov\" \/>\n<meta name=\"robots\" content=\"index, follow, max-snippet:-1, max-image-preview:large, max-video-preview:-1\" \/>\n<link rel=\"canonical\" href=\"https:\/\/conmotoslovakia.sk\/?p=743\" \/>\n<meta property=\"og:locale\" content=\"sk_SK\" \/>\n<meta property=\"og:type\" content=\"article\" \/>\n<meta property=\"og:title\" content=\"Pr\u00e1zdna stoli\u010dka 2025 - CON MOTO SLOVAKIA\" \/>\n<meta property=\"og:description\" content=\"https:\/\/fb.me\/e\/a0qpDVqYc\" \/>\n<meta property=\"og:url\" content=\"https:\/\/conmotoslovakia.sk\/?p=743\" \/>\n<meta property=\"og:site_name\" content=\"CON MOTO SLOVAKIA\" \/>\n<meta property=\"article:publisher\" content=\"https:\/\/www.facebook.com\/groups\/1433289267001405\/\" \/>\n<meta property=\"article:published_time\" content=\"2025-05-15T20:05:43+00:00\" \/>\n<meta property=\"article:modified_time\" content=\"2025-05-20T07:13:08+00:00\" \/>\n<meta property=\"og:image\" content=\"https:\/\/conmotoslovakia.sk\/wp-content\/uploads\/2025\/05\/stolicka-19.5.jpg\" \/>\n\t<meta property=\"og:image:width\" content=\"1920\" \/>\n\t<meta property=\"og:image:height\" content=\"1080\" \/>\n\t<meta property=\"og:image:type\" content=\"image\/jpeg\" \/>\n<meta name=\"author\" content=\"conmotoslovakia\" \/>\n<meta name=\"twitter:card\" content=\"summary_large_image\" \/>\n<meta name=\"twitter:label1\" content=\"Autor\" \/>\n\t<meta name=\"twitter:data1\" content=\"conmotoslovakia\" \/>\n\t<meta name=\"twitter:label2\" content=\"Predpokladan\u00fd \u010das \u010d\u00edtania\" \/>\n\t<meta name=\"twitter:data2\" content=\"1 min\u00fata\" \/>\n<script type=\"application\/ld+json\" class=\"yoast-schema-graph\">{\"@context\":\"https:\\\/\\\/schema.org\",\"@graph\":[{\"@type\":\"Article\",\"@id\":\"https:\\\/\\\/conmotoslovakia.sk\\\/?p=743#article\",\"isPartOf\":{\"@id\":\"https:\\\/\\\/conmotoslovakia.sk\\\/?p=743\"},\"author\":{\"name\":\"conmotoslovakia\",\"@id\":\"https:\\\/\\\/conmotoslovakia.sk\\\/#\\\/schema\\\/person\\\/56a4fd6cae6fda25cf67577fb81102ae\"},\"headline\":\"Pr\u00e1zdna stoli\u010dka 2025\",\"datePublished\":\"2025-05-15T20:05:43+00:00\",\"dateModified\":\"2025-05-20T07:13:08+00:00\",\"mainEntityOfPage\":{\"@id\":\"https:\\\/\\\/conmotoslovakia.sk\\\/?p=743\"},\"wordCount\":146,\"commentCount\":4,\"publisher\":{\"@id\":\"https:\\\/\\\/conmotoslovakia.sk\\\/#organization\"},\"image\":{\"@id\":\"https:\\\/\\\/conmotoslovakia.sk\\\/?p=743#primaryimage\"},\"thumbnailUrl\":\"https:\\\/\\\/conmotoslovakia.sk\\\/wp-content\\\/uploads\\\/2025\\\/05\\\/stolicka-19.5-1024x576.jpg\",\"inLanguage\":\"sk-SK\",\"potentialAction\":[{\"@type\":\"CommentAction\",\"name\":\"Comment\",\"target\":[\"https:\\\/\\\/conmotoslovakia.sk\\\/?p=743#respond\"]}]},{\"@type\":\"WebPage\",\"@id\":\"https:\\\/\\\/conmotoslovakia.sk\\\/?p=743\",\"url\":\"https:\\\/\\\/conmotoslovakia.sk\\\/?p=743\",\"name\":\"Pr\u00e1zdna stoli\u010dka 2025 - CON MOTO SLOVAKIA\",\"isPartOf\":{\"@id\":\"https:\\\/\\\/conmotoslovakia.sk\\\/#website\"},\"primaryImageOfPage\":{\"@id\":\"https:\\\/\\\/conmotoslovakia.sk\\\/?p=743#primaryimage\"},\"image\":{\"@id\":\"https:\\\/\\\/conmotoslovakia.sk\\\/?p=743#primaryimage\"},\"thumbnailUrl\":\"https:\\\/\\\/conmotoslovakia.sk\\\/wp-content\\\/uploads\\\/2025\\\/05\\\/stolicka-19.5-1024x576.jpg\",\"datePublished\":\"2025-05-15T20:05:43+00:00\",\"dateModified\":\"2025-05-20T07:13:08+00:00\",\"description\":\"V\u00fdstava Pr\u00e1zdna stoli\u010dka, ktor\u00fa pripravili \u017eiaci a u\u010ditelia Evanjelick\u00e9ho kolegi\u00e1lneho gymn\u00e1zia v Pre\u0161ove, je siln\u00fdm osudov deportovan\u00fdch\u017eiakov\",\"breadcrumb\":{\"@id\":\"https:\\\/\\\/conmotoslovakia.sk\\\/?p=743#breadcrumb\"},\"inLanguage\":\"sk-SK\",\"potentialAction\":[{\"@type\":\"ReadAction\",\"target\":[\"https:\\\/\\\/conmotoslovakia.sk\\\/?p=743\"]}]},{\"@type\":\"ImageObject\",\"inLanguage\":\"sk-SK\",\"@id\":\"https:\\\/\\\/conmotoslovakia.sk\\\/?p=743#primaryimage\",\"url\":\"https:\\\/\\\/conmotoslovakia.sk\\\/wp-content\\\/uploads\\\/2025\\\/05\\\/stolicka-19.5.jpg\",\"contentUrl\":\"https:\\\/\\\/conmotoslovakia.sk\\\/wp-content\\\/uploads\\\/2025\\\/05\\\/stolicka-19.5.jpg\",\"width\":1920,\"height\":1080},{\"@type\":\"BreadcrumbList\",\"@id\":\"https:\\\/\\\/conmotoslovakia.sk\\\/?p=743#breadcrumb\",\"itemListElement\":[{\"@type\":\"ListItem\",\"position\":1,\"name\":\"Home\",\"item\":\"https:\\\/\\\/conmotoslovakia.sk\\\/\"},{\"@type\":\"ListItem\",\"position\":2,\"name\":\"Pr\u00e1zdna stoli\u010dka 2025\"}]},{\"@type\":\"WebSite\",\"@id\":\"https:\\\/\\\/conmotoslovakia.sk\\\/#website\",\"url\":\"https:\\\/\\\/conmotoslovakia.sk\\\/\",\"name\":\"CON MOTO SLOVAKIA\",\"description\":\"Zbor dirigentov a hudobn\u00fdch nad\u0161encov Slovenska\",\"publisher\":{\"@id\":\"https:\\\/\\\/conmotoslovakia.sk\\\/#organization\"},\"potentialAction\":[{\"@type\":\"SearchAction\",\"target\":{\"@type\":\"EntryPoint\",\"urlTemplate\":\"https:\\\/\\\/conmotoslovakia.sk\\\/?s={search_term_string}\"},\"query-input\":{\"@type\":\"PropertyValueSpecification\",\"valueRequired\":true,\"valueName\":\"search_term_string\"}}],\"inLanguage\":\"sk-SK\"},{\"@type\":\"Organization\",\"@id\":\"https:\\\/\\\/conmotoslovakia.sk\\\/#organization\",\"name\":\"CON MOTO SLOVAKIA\",\"url\":\"https:\\\/\\\/conmotoslovakia.sk\\\/\",\"logo\":{\"@type\":\"ImageObject\",\"inLanguage\":\"sk-SK\",\"@id\":\"https:\\\/\\\/conmotoslovakia.sk\\\/#\\\/schema\\\/logo\\\/image\\\/\",\"url\":\"https:\\\/\\\/conmotoslovakia.sk\\\/wp-content\\\/uploads\\\/2026\\\/01\\\/cropped-Logo.jpg\",\"contentUrl\":\"https:\\\/\\\/conmotoslovakia.sk\\\/wp-content\\\/uploads\\\/2026\\\/01\\\/cropped-Logo.jpg\",\"width\":512,\"height\":512,\"caption\":\"CON MOTO SLOVAKIA\"},\"image\":{\"@id\":\"https:\\\/\\\/conmotoslovakia.sk\\\/#\\\/schema\\\/logo\\\/image\\\/\"},\"sameAs\":[\"https:\\\/\\\/www.facebook.com\\\/groups\\\/1433289267001405\\\/\",\"https:\\\/\\\/www.instagram.com\\\/conmoto_zbor\"]},{\"@type\":\"Person\",\"@id\":\"https:\\\/\\\/conmotoslovakia.sk\\\/#\\\/schema\\\/person\\\/56a4fd6cae6fda25cf67577fb81102ae\",\"name\":\"conmotoslovakia\",\"url\":\"https:\\\/\\\/conmotoslovakia.sk\\\/?author=1\"}]}<\/script>\n<!-- \/ Yoast SEO plugin. -->","yoast_head_json":{"title":"Pr\u00e1zdna stoli\u010dka 2025 - CON MOTO SLOVAKIA","description":"V\u00fdstava Pr\u00e1zdna stoli\u010dka, ktor\u00fa pripravili \u017eiaci a u\u010ditelia Evanjelick\u00e9ho kolegi\u00e1lneho gymn\u00e1zia v Pre\u0161ove, je siln\u00fdm osudov deportovan\u00fdch\u017eiakov","robots":{"index":"index","follow":"follow","max-snippet":"max-snippet:-1","max-image-preview":"max-image-preview:large","max-video-preview":"max-video-preview:-1"},"canonical":"https:\/\/conmotoslovakia.sk\/?p=743","og_locale":"sk_SK","og_type":"article","og_title":"Pr\u00e1zdna stoli\u010dka 2025 - CON MOTO SLOVAKIA","og_description":"https:\/\/fb.me\/e\/a0qpDVqYc","og_url":"https:\/\/conmotoslovakia.sk\/?p=743","og_site_name":"CON MOTO SLOVAKIA","article_publisher":"https:\/\/www.facebook.com\/groups\/1433289267001405\/","article_published_time":"2025-05-15T20:05:43+00:00","article_modified_time":"2025-05-20T07:13:08+00:00","og_image":[{"width":1920,"height":1080,"url":"https:\/\/conmotoslovakia.sk\/wp-content\/uploads\/2025\/05\/stolicka-19.5.jpg","type":"image\/jpeg"}],"author":"conmotoslovakia","twitter_card":"summary_large_image","twitter_misc":{"Autor":"conmotoslovakia","Predpokladan\u00fd \u010das \u010d\u00edtania":"1 min\u00fata"},"schema":{"@context":"https:\/\/schema.org","@graph":[{"@type":"Article","@id":"https:\/\/conmotoslovakia.sk\/?p=743#article","isPartOf":{"@id":"https:\/\/conmotoslovakia.sk\/?p=743"},"author":{"name":"conmotoslovakia","@id":"https:\/\/conmotoslovakia.sk\/#\/schema\/person\/56a4fd6cae6fda25cf67577fb81102ae"},"headline":"Pr\u00e1zdna stoli\u010dka 2025","datePublished":"2025-05-15T20:05:43+00:00","dateModified":"2025-05-20T07:13:08+00:00","mainEntityOfPage":{"@id":"https:\/\/conmotoslovakia.sk\/?p=743"},"wordCount":146,"commentCount":4,"publisher":{"@id":"https:\/\/conmotoslovakia.sk\/#organization"},"image":{"@id":"https:\/\/conmotoslovakia.sk\/?p=743#primaryimage"},"thumbnailUrl":"https:\/\/conmotoslovakia.sk\/wp-content\/uploads\/2025\/05\/stolicka-19.5-1024x576.jpg","inLanguage":"sk-SK","potentialAction":[{"@type":"CommentAction","name":"Comment","target":["https:\/\/conmotoslovakia.sk\/?p=743#respond"]}]},{"@type":"WebPage","@id":"https:\/\/conmotoslovakia.sk\/?p=743","url":"https:\/\/conmotoslovakia.sk\/?p=743","name":"Pr\u00e1zdna stoli\u010dka 2025 - CON MOTO SLOVAKIA","isPartOf":{"@id":"https:\/\/conmotoslovakia.sk\/#website"},"primaryImageOfPage":{"@id":"https:\/\/conmotoslovakia.sk\/?p=743#primaryimage"},"image":{"@id":"https:\/\/conmotoslovakia.sk\/?p=743#primaryimage"},"thumbnailUrl":"https:\/\/conmotoslovakia.sk\/wp-content\/uploads\/2025\/05\/stolicka-19.5-1024x576.jpg","datePublished":"2025-05-15T20:05:43+00:00","dateModified":"2025-05-20T07:13:08+00:00","description":"V\u00fdstava Pr\u00e1zdna stoli\u010dka, ktor\u00fa pripravili \u017eiaci a u\u010ditelia Evanjelick\u00e9ho kolegi\u00e1lneho gymn\u00e1zia v Pre\u0161ove, je siln\u00fdm osudov deportovan\u00fdch\u017eiakov","breadcrumb":{"@id":"https:\/\/conmotoslovakia.sk\/?p=743#breadcrumb"},"inLanguage":"sk-SK","potentialAction":[{"@type":"ReadAction","target":["https:\/\/conmotoslovakia.sk\/?p=743"]}]},{"@type":"ImageObject","inLanguage":"sk-SK","@id":"https:\/\/conmotoslovakia.sk\/?p=743#primaryimage","url":"https:\/\/conmotoslovakia.sk\/wp-content\/uploads\/2025\/05\/stolicka-19.5.jpg","contentUrl":"https:\/\/conmotoslovakia.sk\/wp-content\/uploads\/2025\/05\/stolicka-19.5.jpg","width":1920,"height":1080},{"@type":"BreadcrumbList","@id":"https:\/\/conmotoslovakia.sk\/?p=743#breadcrumb","itemListElement":[{"@type":"ListItem","position":1,"name":"Home","item":"https:\/\/conmotoslovakia.sk\/"},{"@type":"ListItem","position":2,"name":"Pr\u00e1zdna stoli\u010dka 2025"}]},{"@type":"WebSite","@id":"https:\/\/conmotoslovakia.sk\/#website","url":"https:\/\/conmotoslovakia.sk\/","name":"CON MOTO SLOVAKIA","description":"Zbor dirigentov a hudobn\u00fdch nad\u0161encov Slovenska","publisher":{"@id":"https:\/\/conmotoslovakia.sk\/#organization"},"potentialAction":[{"@type":"SearchAction","target":{"@type":"EntryPoint","urlTemplate":"https:\/\/conmotoslovakia.sk\/?s={search_term_string}"},"query-input":{"@type":"PropertyValueSpecification","valueRequired":true,"valueName":"search_term_string"}}],"inLanguage":"sk-SK"},{"@type":"Organization","@id":"https:\/\/conmotoslovakia.sk\/#organization","name":"CON MOTO SLOVAKIA","url":"https:\/\/conmotoslovakia.sk\/","logo":{"@type":"ImageObject","inLanguage":"sk-SK","@id":"https:\/\/conmotoslovakia.sk\/#\/schema\/logo\/image\/","url":"https:\/\/conmotoslovakia.sk\/wp-content\/uploads\/2026\/01\/cropped-Logo.jpg","contentUrl":"https:\/\/conmotoslovakia.sk\/wp-content\/uploads\/2026\/01\/cropped-Logo.jpg","width":512,"height":512,"caption":"CON MOTO SLOVAKIA"},"image":{"@id":"https:\/\/conmotoslovakia.sk\/#\/schema\/logo\/image\/"},"sameAs":["https:\/\/www.facebook.com\/groups\/1433289267001405\/","https:\/\/www.instagram.com\/conmoto_zbor"]},{"@type":"Person","@id":"https:\/\/conmotoslovakia.sk\/#\/schema\/person\/56a4fd6cae6fda25cf67577fb81102ae","name":"conmotoslovakia","url":"https:\/\/conmotoslovakia.sk\/?author=1"}]}},"_links":{"self":[{"href":"https:\/\/conmotoslovakia.sk\/index.php?rest_route=\/wp\/v2\/posts\/743","targetHints":{"allow":["GET"]}}],"collection":[{"href":"https:\/\/conmotoslovakia.sk\/index.php?rest_route=\/wp\/v2\/posts"}],"about":[{"href":"https:\/\/conmotoslovakia.sk\/index.php?rest_route=\/wp\/v2\/types\/post"}],"author":[{"embeddable":true,"href":"https:\/\/conmotoslovakia.sk\/index.php?rest_route=\/wp\/v2\/users\/1"}],"replies":[{"embeddable":true,"href":"https:\/\/conmotoslovakia.sk\/index.php?rest_route=%2Fwp%2Fv2%2Fcomments&post=743"}],"version-history":[{"count":2,"href":"https:\/\/conmotoslovakia.sk\/index.php?rest_route=\/wp\/v2\/posts\/743\/revisions"}],"predecessor-version":[{"id":759,"href":"https:\/\/conmotoslovakia.sk\/index.php?rest_route=\/wp\/v2\/posts\/743\/revisions\/759"}],"wp:attachment":[{"href":"https:\/\/conmotoslovakia.sk\/index.php?rest_route=%2Fwp%2Fv2%2Fmedia&parent=743"}],"wp:term":[{"taxonomy":"category","embeddable":true,"href":"https:\/\/conmotoslovakia.sk\/index.php?rest_route=%2Fwp%2Fv2%2Fcategories&post=743"},{"taxonomy":"post_tag","embeddable":true,"href":"https:\/\/conmotoslovakia.sk\/index.php?rest_route=%2Fwp%2Fv2%2Ftags&post=743"}],"curies":[{"name":"wp","href":"https:\/\/api.w.org\/{rel}","templated":true}]}}