{"id":746,"date":"2025-03-25T22:13:00","date_gmt":"2025-03-25T21:13:00","guid":{"rendered":"https:\/\/conmotoslovakia.sk\/?p=746"},"modified":"2025-05-20T10:36:28","modified_gmt":"2025-05-20T08:36:28","slug":"dve-hudobne-telesa-vytvorili-jedno","status":"publish","type":"post","link":"https:\/\/conmotoslovakia.sk\/?p=746","title":{"rendered":"Dve hudobn\u00e9 teles\u00e1 vytvorili jedno"},"content":{"rendered":"\n<figure class=\"wp-block-gallery has-nested-images columns-default is-cropped wp-block-gallery-1 is-layout-flex wp-block-gallery-is-layout-flex\">\n<figure class=\"wp-block-image size-large\"><a href=\"https:\/\/conmotoslovakia.sk\/wp-content\/uploads\/2025\/03\/484262303_567249363035290_514867161768915659_n.jpg\" data-rel=\"lightbox-image-0\" data-rl_title=\"\" data-rl_caption=\"\" title=\"\"><img loading=\"lazy\" decoding=\"async\" width=\"1024\" height=\"576\" data-id=\"763\" src=\"https:\/\/conmotoslovakia.sk\/wp-content\/uploads\/2025\/03\/484262303_567249363035290_514867161768915659_n-1024x576.jpg\" alt=\"\" class=\"wp-image-763\" srcset=\"https:\/\/conmotoslovakia.sk\/wp-content\/uploads\/2025\/03\/484262303_567249363035290_514867161768915659_n-1024x576.jpg 1024w, https:\/\/conmotoslovakia.sk\/wp-content\/uploads\/2025\/03\/484262303_567249363035290_514867161768915659_n-300x169.jpg 300w, https:\/\/conmotoslovakia.sk\/wp-content\/uploads\/2025\/03\/484262303_567249363035290_514867161768915659_n-768x432.jpg 768w, https:\/\/conmotoslovakia.sk\/wp-content\/uploads\/2025\/03\/484262303_567249363035290_514867161768915659_n-1536x864.jpg 1536w, https:\/\/conmotoslovakia.sk\/wp-content\/uploads\/2025\/03\/484262303_567249363035290_514867161768915659_n-1200x675.jpg 1200w, https:\/\/conmotoslovakia.sk\/wp-content\/uploads\/2025\/03\/484262303_567249363035290_514867161768915659_n.jpg 2048w\" sizes=\"auto, (max-width: 709px) 85vw, (max-width: 909px) 67vw, (max-width: 1362px) 62vw, 840px\" \/><\/a><\/figure>\n\n\n\n<figure class=\"wp-block-image size-large\"><a href=\"https:\/\/conmotoslovakia.sk\/wp-content\/uploads\/2025\/03\/485510924_1197273808735887_6319512024073821755_n.jpg\" data-rel=\"lightbox-image-1\" data-rl_title=\"\" data-rl_caption=\"\" title=\"\"><img loading=\"lazy\" decoding=\"async\" width=\"1024\" height=\"576\" data-id=\"764\" src=\"https:\/\/conmotoslovakia.sk\/wp-content\/uploads\/2025\/03\/485510924_1197273808735887_6319512024073821755_n-1024x576.jpg\" alt=\"\" class=\"wp-image-764\" srcset=\"https:\/\/conmotoslovakia.sk\/wp-content\/uploads\/2025\/03\/485510924_1197273808735887_6319512024073821755_n-1024x576.jpg 1024w, https:\/\/conmotoslovakia.sk\/wp-content\/uploads\/2025\/03\/485510924_1197273808735887_6319512024073821755_n-300x169.jpg 300w, https:\/\/conmotoslovakia.sk\/wp-content\/uploads\/2025\/03\/485510924_1197273808735887_6319512024073821755_n-768x432.jpg 768w, https:\/\/conmotoslovakia.sk\/wp-content\/uploads\/2025\/03\/485510924_1197273808735887_6319512024073821755_n-1536x864.jpg 1536w, https:\/\/conmotoslovakia.sk\/wp-content\/uploads\/2025\/03\/485510924_1197273808735887_6319512024073821755_n-1200x675.jpg 1200w, https:\/\/conmotoslovakia.sk\/wp-content\/uploads\/2025\/03\/485510924_1197273808735887_6319512024073821755_n.jpg 2048w\" sizes=\"auto, (max-width: 709px) 85vw, (max-width: 909px) 67vw, (max-width: 1362px) 62vw, 840px\" \/><\/a><\/figure>\n\n\n\n<figure class=\"wp-block-image size-large\"><a href=\"https:\/\/conmotoslovakia.sk\/wp-content\/uploads\/2025\/03\/483956639_1150973572974556_5188627793758442716_n.jpg\" data-rel=\"lightbox-image-2\" data-rl_title=\"\" data-rl_caption=\"\" title=\"\"><img loading=\"lazy\" decoding=\"async\" width=\"1024\" height=\"576\" data-id=\"762\" src=\"https:\/\/conmotoslovakia.sk\/wp-content\/uploads\/2025\/03\/483956639_1150973572974556_5188627793758442716_n-1024x576.jpg\" alt=\"\" class=\"wp-image-762\" srcset=\"https:\/\/conmotoslovakia.sk\/wp-content\/uploads\/2025\/03\/483956639_1150973572974556_5188627793758442716_n-1024x576.jpg 1024w, https:\/\/conmotoslovakia.sk\/wp-content\/uploads\/2025\/03\/483956639_1150973572974556_5188627793758442716_n-300x169.jpg 300w, https:\/\/conmotoslovakia.sk\/wp-content\/uploads\/2025\/03\/483956639_1150973572974556_5188627793758442716_n-768x432.jpg 768w, https:\/\/conmotoslovakia.sk\/wp-content\/uploads\/2025\/03\/483956639_1150973572974556_5188627793758442716_n-1536x864.jpg 1536w, https:\/\/conmotoslovakia.sk\/wp-content\/uploads\/2025\/03\/483956639_1150973572974556_5188627793758442716_n-1200x675.jpg 1200w, https:\/\/conmotoslovakia.sk\/wp-content\/uploads\/2025\/03\/483956639_1150973572974556_5188627793758442716_n.jpg 2048w\" sizes=\"auto, (max-width: 709px) 85vw, (max-width: 909px) 67vw, (max-width: 1362px) 62vw, 840px\" \/><\/a><\/figure>\n\n\n\n<figure class=\"wp-block-image size-large\"><a href=\"https:\/\/conmotoslovakia.sk\/wp-content\/uploads\/2025\/03\/486308861_957227962893821_6661406621278232465_n.jpg\" data-rel=\"lightbox-image-3\" data-rl_title=\"\" data-rl_caption=\"\" title=\"\"><img loading=\"lazy\" decoding=\"async\" width=\"1024\" height=\"576\" data-id=\"761\" src=\"https:\/\/conmotoslovakia.sk\/wp-content\/uploads\/2025\/03\/486308861_957227962893821_6661406621278232465_n-1024x576.jpg\" alt=\"\" class=\"wp-image-761\" srcset=\"https:\/\/conmotoslovakia.sk\/wp-content\/uploads\/2025\/03\/486308861_957227962893821_6661406621278232465_n-1024x576.jpg 1024w, https:\/\/conmotoslovakia.sk\/wp-content\/uploads\/2025\/03\/486308861_957227962893821_6661406621278232465_n-300x169.jpg 300w, https:\/\/conmotoslovakia.sk\/wp-content\/uploads\/2025\/03\/486308861_957227962893821_6661406621278232465_n-768x432.jpg 768w, https:\/\/conmotoslovakia.sk\/wp-content\/uploads\/2025\/03\/486308861_957227962893821_6661406621278232465_n-1536x864.jpg 1536w, https:\/\/conmotoslovakia.sk\/wp-content\/uploads\/2025\/03\/486308861_957227962893821_6661406621278232465_n-1200x675.jpg 1200w, https:\/\/conmotoslovakia.sk\/wp-content\/uploads\/2025\/03\/486308861_957227962893821_6661406621278232465_n.jpg 2048w\" sizes=\"auto, (max-width: 709px) 85vw, (max-width: 909px) 67vw, (max-width: 1362px) 62vw, 840px\" \/><\/a><\/figure>\n<\/figure>\n\n\n\n<p>Spev\u00e1cky zbor pri Evanjelickom kolegi\u00e1lnom gymn\u00e1ziu a Con moto Slovakia pod veden\u00edm Mari\u00e1na Bujnovsk\u00e9ho vyst\u00fapili v piatok 21. marca 2025 v Podtatranskom m\u00fazeu v Poprade na pietnej spomienke pri pr\u00edle\u017eitosti 83. v\u00fdro\u010dia prv\u00e9ho transportu do koncentra\u010dn\u00e9ho t\u00e1bora Auschwitz. Program spolu s m\u00fazeom pripravil u\u010dite\u013e Strednej polytechnickej \u0161koly J. A. Ba\u0165u vo Svite Vladim\u00edr Andra\u0161 so svojimi \u017eiakmi. Ako hos\u0165 vyst\u00fapil p\u00e1n Pavel Gregu\u0161, ktor\u00fd spom\u00ednal na svoju \u017eidovsk\u00fa rodinu i na svojho str\u00fdka Loranda Weibergera (Vy\u0161n\u00e9ho), n\u00e1\u0161ho b\u00fdval\u00e9ho \u017eiaka.<\/p>\n\n\n\n<p>Evanjelick\u00fa spojen\u00fa \u0161kolu reprezentovali \u017eiaci Michaela Gregorov\u00e1, Sofia Abigail Platkov\u00e1, Radka Damanko\u0161ov\u00e1, Vanesa Petijov\u00e1, Sofia Simkov\u00e1, Tom\u00e1\u0161 Be\u0148a, Michal Biro\u0161, Adam Mihal\u010din, \u0160imon Mr\u00e1z a Matej Ivani\u010d a u\u010dite\u013eky Gabriela Platkov\u00e1, Lenka Ma\u0165a\u0161ov\u00e1 a So\u0148a Grestyov\u00e1.<\/p>\n\n\n\n<p>Nezab\u00fadame.<\/p>\n\n\n\n<p><a href=\"https:\/\/fb.watch\/zC1rpfFUQg\">https:\/\/fb.watch\/zC1rpfFUQg<\/a><\/p>\n","protected":false},"excerpt":{"rendered":"<p>Spev\u00e1cky zbor pri Evanjelickom kolegi\u00e1lnom gymn\u00e1ziu a Con moto Slovakia pod veden\u00edm Mari\u00e1na Bujnovsk\u00e9ho vyst\u00fapili v piatok 21. marca 2025 v Podtatranskom m\u00fazeu v Poprade na pietnej spomienke pri pr\u00edle\u017eitosti 83. v\u00fdro\u010dia prv\u00e9ho transportu do koncentra\u010dn\u00e9ho t\u00e1bora Auschwitz. Program spolu s m\u00fazeom pripravil u\u010dite\u013e Strednej polytechnickej \u0161koly J. A. Ba\u0165u vo Svite Vladim\u00edr Andra\u0161 so &hellip; <a href=\"https:\/\/conmotoslovakia.sk\/?p=746\" class=\"more-link\">Pokra\u010dova\u0165 v \u010d\u00edtan\u00ed<span class=\"screen-reader-text\"> &#8222;Dve hudobn\u00e9 teles\u00e1 vytvorili jedno&#8220;<\/span><\/a><\/p>\n","protected":false},"author":1,"featured_media":0,"comment_status":"open","ping_status":"open","sticky":false,"template":"","format":"standard","meta":{"footnotes":""},"categories":[1],"tags":[],"class_list":["post-746","post","type-post","status-publish","format-standard","hentry","category-nezaradene"],"yoast_head":"<!-- This site is optimized with the Yoast SEO plugin v27.5 - https:\/\/yoast.com\/product\/yoast-seo-wordpress\/ -->\n<title>Dve hudobn\u00e9 teles\u00e1 vytvorili jedno - CON MOTO SLOVAKIA<\/title>\n<meta name=\"robots\" content=\"index, follow, max-snippet:-1, max-image-preview:large, max-video-preview:-1\" \/>\n<link rel=\"canonical\" href=\"https:\/\/conmotoslovakia.sk\/?p=746\" \/>\n<meta property=\"og:locale\" content=\"sk_SK\" \/>\n<meta property=\"og:type\" content=\"article\" \/>\n<meta property=\"og:title\" content=\"Dve hudobn\u00e9 teles\u00e1 vytvorili jedno - CON MOTO SLOVAKIA\" \/>\n<meta property=\"og:description\" content=\"Spev\u00e1cky zbor pri Evanjelickom kolegi\u00e1lnom gymn\u00e1ziu a Con moto Slovakia pod veden\u00edm Mari\u00e1na Bujnovsk\u00e9ho vyst\u00fapili v piatok 21. marca 2025 v Podtatranskom m\u00fazeu v Poprade na pietnej spomienke pri pr\u00edle\u017eitosti 83. v\u00fdro\u010dia prv\u00e9ho transportu do koncentra\u010dn\u00e9ho t\u00e1bora Auschwitz. Program spolu s m\u00fazeom pripravil u\u010dite\u013e Strednej polytechnickej \u0161koly J. A. Ba\u0165u vo Svite Vladim\u00edr Andra\u0161 so &hellip; Pokra\u010dova\u0165 v \u010d\u00edtan\u00ed &quot;Dve hudobn\u00e9 teles\u00e1 vytvorili jedno&quot;\" \/>\n<meta property=\"og:url\" content=\"https:\/\/conmotoslovakia.sk\/?p=746\" \/>\n<meta property=\"og:site_name\" content=\"CON MOTO SLOVAKIA\" \/>\n<meta property=\"article:publisher\" content=\"https:\/\/www.facebook.com\/groups\/1433289267001405\/\" \/>\n<meta property=\"article:published_time\" content=\"2025-03-25T21:13:00+00:00\" \/>\n<meta property=\"article:modified_time\" content=\"2025-05-20T08:36:28+00:00\" \/>\n<meta property=\"og:image\" content=\"https:\/\/conmotoslovakia.sk\/wp-content\/uploads\/2025\/03\/484262303_567249363035290_514867161768915659_n.jpg\" \/>\n\t<meta property=\"og:image:width\" content=\"2048\" \/>\n\t<meta property=\"og:image:height\" content=\"1152\" \/>\n\t<meta property=\"og:image:type\" content=\"image\/jpeg\" \/>\n<meta name=\"author\" content=\"conmotoslovakia\" \/>\n<meta name=\"twitter:card\" content=\"summary_large_image\" \/>\n<meta name=\"twitter:label1\" content=\"Autor\" \/>\n\t<meta name=\"twitter:data1\" content=\"conmotoslovakia\" \/>\n\t<meta name=\"twitter:label2\" content=\"Predpokladan\u00fd \u010das \u010d\u00edtania\" \/>\n\t<meta name=\"twitter:data2\" content=\"2 min\u00faty\" \/>\n<script type=\"application\/ld+json\" class=\"yoast-schema-graph\">{\"@context\":\"https:\\\/\\\/schema.org\",\"@graph\":[{\"@type\":\"Article\",\"@id\":\"https:\\\/\\\/conmotoslovakia.sk\\\/?p=746#article\",\"isPartOf\":{\"@id\":\"https:\\\/\\\/conmotoslovakia.sk\\\/?p=746\"},\"author\":{\"name\":\"conmotoslovakia\",\"@id\":\"https:\\\/\\\/conmotoslovakia.sk\\\/#\\\/schema\\\/person\\\/56a4fd6cae6fda25cf67577fb81102ae\"},\"headline\":\"Dve hudobn\u00e9 teles\u00e1 vytvorili jedno\",\"datePublished\":\"2025-03-25T21:13:00+00:00\",\"dateModified\":\"2025-05-20T08:36:28+00:00\",\"mainEntityOfPage\":{\"@id\":\"https:\\\/\\\/conmotoslovakia.sk\\\/?p=746\"},\"wordCount\":162,\"commentCount\":6267,\"publisher\":{\"@id\":\"https:\\\/\\\/conmotoslovakia.sk\\\/#organization\"},\"image\":{\"@id\":\"https:\\\/\\\/conmotoslovakia.sk\\\/?p=746#primaryimage\"},\"thumbnailUrl\":\"https:\\\/\\\/conmotoslovakia.sk\\\/wp-content\\\/uploads\\\/2025\\\/03\\\/484262303_567249363035290_514867161768915659_n-1024x576.jpg\",\"inLanguage\":\"sk-SK\",\"potentialAction\":[{\"@type\":\"CommentAction\",\"name\":\"Comment\",\"target\":[\"https:\\\/\\\/conmotoslovakia.sk\\\/?p=746#respond\"]}]},{\"@type\":\"WebPage\",\"@id\":\"https:\\\/\\\/conmotoslovakia.sk\\\/?p=746\",\"url\":\"https:\\\/\\\/conmotoslovakia.sk\\\/?p=746\",\"name\":\"Dve hudobn\u00e9 teles\u00e1 vytvorili jedno - CON MOTO SLOVAKIA\",\"isPartOf\":{\"@id\":\"https:\\\/\\\/conmotoslovakia.sk\\\/#website\"},\"primaryImageOfPage\":{\"@id\":\"https:\\\/\\\/conmotoslovakia.sk\\\/?p=746#primaryimage\"},\"image\":{\"@id\":\"https:\\\/\\\/conmotoslovakia.sk\\\/?p=746#primaryimage\"},\"thumbnailUrl\":\"https:\\\/\\\/conmotoslovakia.sk\\\/wp-content\\\/uploads\\\/2025\\\/03\\\/484262303_567249363035290_514867161768915659_n-1024x576.jpg\",\"datePublished\":\"2025-03-25T21:13:00+00:00\",\"dateModified\":\"2025-05-20T08:36:28+00:00\",\"breadcrumb\":{\"@id\":\"https:\\\/\\\/conmotoslovakia.sk\\\/?p=746#breadcrumb\"},\"inLanguage\":\"sk-SK\",\"potentialAction\":[{\"@type\":\"ReadAction\",\"target\":[\"https:\\\/\\\/conmotoslovakia.sk\\\/?p=746\"]}]},{\"@type\":\"ImageObject\",\"inLanguage\":\"sk-SK\",\"@id\":\"https:\\\/\\\/conmotoslovakia.sk\\\/?p=746#primaryimage\",\"url\":\"https:\\\/\\\/conmotoslovakia.sk\\\/wp-content\\\/uploads\\\/2025\\\/03\\\/484262303_567249363035290_514867161768915659_n.jpg\",\"contentUrl\":\"https:\\\/\\\/conmotoslovakia.sk\\\/wp-content\\\/uploads\\\/2025\\\/03\\\/484262303_567249363035290_514867161768915659_n.jpg\",\"width\":2048,\"height\":1152},{\"@type\":\"BreadcrumbList\",\"@id\":\"https:\\\/\\\/conmotoslovakia.sk\\\/?p=746#breadcrumb\",\"itemListElement\":[{\"@type\":\"ListItem\",\"position\":1,\"name\":\"Home\",\"item\":\"https:\\\/\\\/conmotoslovakia.sk\\\/\"},{\"@type\":\"ListItem\",\"position\":2,\"name\":\"Dve hudobn\u00e9 teles\u00e1 vytvorili jedno\"}]},{\"@type\":\"WebSite\",\"@id\":\"https:\\\/\\\/conmotoslovakia.sk\\\/#website\",\"url\":\"https:\\\/\\\/conmotoslovakia.sk\\\/\",\"name\":\"CON MOTO SLOVAKIA\",\"description\":\"Zbor dirigentov a hudobn\u00fdch nad\u0161encov Slovenska\",\"publisher\":{\"@id\":\"https:\\\/\\\/conmotoslovakia.sk\\\/#organization\"},\"potentialAction\":[{\"@type\":\"SearchAction\",\"target\":{\"@type\":\"EntryPoint\",\"urlTemplate\":\"https:\\\/\\\/conmotoslovakia.sk\\\/?s={search_term_string}\"},\"query-input\":{\"@type\":\"PropertyValueSpecification\",\"valueRequired\":true,\"valueName\":\"search_term_string\"}}],\"inLanguage\":\"sk-SK\"},{\"@type\":\"Organization\",\"@id\":\"https:\\\/\\\/conmotoslovakia.sk\\\/#organization\",\"name\":\"CON MOTO SLOVAKIA\",\"url\":\"https:\\\/\\\/conmotoslovakia.sk\\\/\",\"logo\":{\"@type\":\"ImageObject\",\"inLanguage\":\"sk-SK\",\"@id\":\"https:\\\/\\\/conmotoslovakia.sk\\\/#\\\/schema\\\/logo\\\/image\\\/\",\"url\":\"https:\\\/\\\/conmotoslovakia.sk\\\/wp-content\\\/uploads\\\/2026\\\/01\\\/cropped-Logo.jpg\",\"contentUrl\":\"https:\\\/\\\/conmotoslovakia.sk\\\/wp-content\\\/uploads\\\/2026\\\/01\\\/cropped-Logo.jpg\",\"width\":512,\"height\":512,\"caption\":\"CON MOTO SLOVAKIA\"},\"image\":{\"@id\":\"https:\\\/\\\/conmotoslovakia.sk\\\/#\\\/schema\\\/logo\\\/image\\\/\"},\"sameAs\":[\"https:\\\/\\\/www.facebook.com\\\/groups\\\/1433289267001405\\\/\",\"https:\\\/\\\/www.instagram.com\\\/conmoto_zbor\"]},{\"@type\":\"Person\",\"@id\":\"https:\\\/\\\/conmotoslovakia.sk\\\/#\\\/schema\\\/person\\\/56a4fd6cae6fda25cf67577fb81102ae\",\"name\":\"conmotoslovakia\",\"url\":\"https:\\\/\\\/conmotoslovakia.sk\\\/?author=1\"}]}<\/script>\n<!-- \/ Yoast SEO plugin. -->","yoast_head_json":{"title":"Dve hudobn\u00e9 teles\u00e1 vytvorili jedno - CON MOTO SLOVAKIA","robots":{"index":"index","follow":"follow","max-snippet":"max-snippet:-1","max-image-preview":"max-image-preview:large","max-video-preview":"max-video-preview:-1"},"canonical":"https:\/\/conmotoslovakia.sk\/?p=746","og_locale":"sk_SK","og_type":"article","og_title":"Dve hudobn\u00e9 teles\u00e1 vytvorili jedno - CON MOTO SLOVAKIA","og_description":"Spev\u00e1cky zbor pri Evanjelickom kolegi\u00e1lnom gymn\u00e1ziu a Con moto Slovakia pod veden\u00edm Mari\u00e1na Bujnovsk\u00e9ho vyst\u00fapili v piatok 21. marca 2025 v Podtatranskom m\u00fazeu v Poprade na pietnej spomienke pri pr\u00edle\u017eitosti 83. v\u00fdro\u010dia prv\u00e9ho transportu do koncentra\u010dn\u00e9ho t\u00e1bora Auschwitz. Program spolu s m\u00fazeom pripravil u\u010dite\u013e Strednej polytechnickej \u0161koly J. A. Ba\u0165u vo Svite Vladim\u00edr Andra\u0161 so &hellip; Pokra\u010dova\u0165 v \u010d\u00edtan\u00ed \"Dve hudobn\u00e9 teles\u00e1 vytvorili jedno\"","og_url":"https:\/\/conmotoslovakia.sk\/?p=746","og_site_name":"CON MOTO SLOVAKIA","article_publisher":"https:\/\/www.facebook.com\/groups\/1433289267001405\/","article_published_time":"2025-03-25T21:13:00+00:00","article_modified_time":"2025-05-20T08:36:28+00:00","og_image":[{"width":2048,"height":1152,"url":"https:\/\/conmotoslovakia.sk\/wp-content\/uploads\/2025\/03\/484262303_567249363035290_514867161768915659_n.jpg","type":"image\/jpeg"}],"author":"conmotoslovakia","twitter_card":"summary_large_image","twitter_misc":{"Autor":"conmotoslovakia","Predpokladan\u00fd \u010das \u010d\u00edtania":"2 min\u00faty"},"schema":{"@context":"https:\/\/schema.org","@graph":[{"@type":"Article","@id":"https:\/\/conmotoslovakia.sk\/?p=746#article","isPartOf":{"@id":"https:\/\/conmotoslovakia.sk\/?p=746"},"author":{"name":"conmotoslovakia","@id":"https:\/\/conmotoslovakia.sk\/#\/schema\/person\/56a4fd6cae6fda25cf67577fb81102ae"},"headline":"Dve hudobn\u00e9 teles\u00e1 vytvorili jedno","datePublished":"2025-03-25T21:13:00+00:00","dateModified":"2025-05-20T08:36:28+00:00","mainEntityOfPage":{"@id":"https:\/\/conmotoslovakia.sk\/?p=746"},"wordCount":162,"commentCount":6267,"publisher":{"@id":"https:\/\/conmotoslovakia.sk\/#organization"},"image":{"@id":"https:\/\/conmotoslovakia.sk\/?p=746#primaryimage"},"thumbnailUrl":"https:\/\/conmotoslovakia.sk\/wp-content\/uploads\/2025\/03\/484262303_567249363035290_514867161768915659_n-1024x576.jpg","inLanguage":"sk-SK","potentialAction":[{"@type":"CommentAction","name":"Comment","target":["https:\/\/conmotoslovakia.sk\/?p=746#respond"]}]},{"@type":"WebPage","@id":"https:\/\/conmotoslovakia.sk\/?p=746","url":"https:\/\/conmotoslovakia.sk\/?p=746","name":"Dve hudobn\u00e9 teles\u00e1 vytvorili jedno - CON MOTO SLOVAKIA","isPartOf":{"@id":"https:\/\/conmotoslovakia.sk\/#website"},"primaryImageOfPage":{"@id":"https:\/\/conmotoslovakia.sk\/?p=746#primaryimage"},"image":{"@id":"https:\/\/conmotoslovakia.sk\/?p=746#primaryimage"},"thumbnailUrl":"https:\/\/conmotoslovakia.sk\/wp-content\/uploads\/2025\/03\/484262303_567249363035290_514867161768915659_n-1024x576.jpg","datePublished":"2025-03-25T21:13:00+00:00","dateModified":"2025-05-20T08:36:28+00:00","breadcrumb":{"@id":"https:\/\/conmotoslovakia.sk\/?p=746#breadcrumb"},"inLanguage":"sk-SK","potentialAction":[{"@type":"ReadAction","target":["https:\/\/conmotoslovakia.sk\/?p=746"]}]},{"@type":"ImageObject","inLanguage":"sk-SK","@id":"https:\/\/conmotoslovakia.sk\/?p=746#primaryimage","url":"https:\/\/conmotoslovakia.sk\/wp-content\/uploads\/2025\/03\/484262303_567249363035290_514867161768915659_n.jpg","contentUrl":"https:\/\/conmotoslovakia.sk\/wp-content\/uploads\/2025\/03\/484262303_567249363035290_514867161768915659_n.jpg","width":2048,"height":1152},{"@type":"BreadcrumbList","@id":"https:\/\/conmotoslovakia.sk\/?p=746#breadcrumb","itemListElement":[{"@type":"ListItem","position":1,"name":"Home","item":"https:\/\/conmotoslovakia.sk\/"},{"@type":"ListItem","position":2,"name":"Dve hudobn\u00e9 teles\u00e1 vytvorili jedno"}]},{"@type":"WebSite","@id":"https:\/\/conmotoslovakia.sk\/#website","url":"https:\/\/conmotoslovakia.sk\/","name":"CON MOTO SLOVAKIA","description":"Zbor dirigentov a hudobn\u00fdch nad\u0161encov Slovenska","publisher":{"@id":"https:\/\/conmotoslovakia.sk\/#organization"},"potentialAction":[{"@type":"SearchAction","target":{"@type":"EntryPoint","urlTemplate":"https:\/\/conmotoslovakia.sk\/?s={search_term_string}"},"query-input":{"@type":"PropertyValueSpecification","valueRequired":true,"valueName":"search_term_string"}}],"inLanguage":"sk-SK"},{"@type":"Organization","@id":"https:\/\/conmotoslovakia.sk\/#organization","name":"CON MOTO SLOVAKIA","url":"https:\/\/conmotoslovakia.sk\/","logo":{"@type":"ImageObject","inLanguage":"sk-SK","@id":"https:\/\/conmotoslovakia.sk\/#\/schema\/logo\/image\/","url":"https:\/\/conmotoslovakia.sk\/wp-content\/uploads\/2026\/01\/cropped-Logo.jpg","contentUrl":"https:\/\/conmotoslovakia.sk\/wp-content\/uploads\/2026\/01\/cropped-Logo.jpg","width":512,"height":512,"caption":"CON MOTO SLOVAKIA"},"image":{"@id":"https:\/\/conmotoslovakia.sk\/#\/schema\/logo\/image\/"},"sameAs":["https:\/\/www.facebook.com\/groups\/1433289267001405\/","https:\/\/www.instagram.com\/conmoto_zbor"]},{"@type":"Person","@id":"https:\/\/conmotoslovakia.sk\/#\/schema\/person\/56a4fd6cae6fda25cf67577fb81102ae","name":"conmotoslovakia","url":"https:\/\/conmotoslovakia.sk\/?author=1"}]}},"_links":{"self":[{"href":"https:\/\/conmotoslovakia.sk\/index.php?rest_route=\/wp\/v2\/posts\/746","targetHints":{"allow":["GET"]}}],"collection":[{"href":"https:\/\/conmotoslovakia.sk\/index.php?rest_route=\/wp\/v2\/posts"}],"about":[{"href":"https:\/\/conmotoslovakia.sk\/index.php?rest_route=\/wp\/v2\/types\/post"}],"author":[{"embeddable":true,"href":"https:\/\/conmotoslovakia.sk\/index.php?rest_route=\/wp\/v2\/users\/1"}],"replies":[{"embeddable":true,"href":"https:\/\/conmotoslovakia.sk\/index.php?rest_route=%2Fwp%2Fv2%2Fcomments&post=746"}],"version-history":[{"count":2,"href":"https:\/\/conmotoslovakia.sk\/index.php?rest_route=\/wp\/v2\/posts\/746\/revisions"}],"predecessor-version":[{"id":766,"href":"https:\/\/conmotoslovakia.sk\/index.php?rest_route=\/wp\/v2\/posts\/746\/revisions\/766"}],"wp:attachment":[{"href":"https:\/\/conmotoslovakia.sk\/index.php?rest_route=%2Fwp%2Fv2%2Fmedia&parent=746"}],"wp:term":[{"taxonomy":"category","embeddable":true,"href":"https:\/\/conmotoslovakia.sk\/index.php?rest_route=%2Fwp%2Fv2%2Fcategories&post=746"},{"taxonomy":"post_tag","embeddable":true,"href":"https:\/\/conmotoslovakia.sk\/index.php?rest_route=%2Fwp%2Fv2%2Ftags&post=746"}],"curies":[{"name":"wp","href":"https:\/\/api.w.org\/{rel}","templated":true}]}}