{"id":811,"date":"2025-06-15T22:01:30","date_gmt":"2025-06-15T20:01:30","guid":{"rendered":"https:\/\/conmotoslovakia.sk\/?p=811"},"modified":"2025-06-16T21:09:59","modified_gmt":"2025-06-16T19:09:59","slug":"caka-nas-salom-alejchem-2025","status":"publish","type":"post","link":"https:\/\/conmotoslovakia.sk\/?p=811","title":{"rendered":"\u010cak\u00e1 n\u00e1s \u0160alom alejchem 2025"},"content":{"rendered":"\n<figure class=\"wp-block-gallery has-nested-images columns-default is-cropped wp-block-gallery-1 is-layout-flex wp-block-gallery-is-layout-flex\">\n<figure class=\"wp-block-image size-large\"><a href=\"https:\/\/conmotoslovakia.sk\/wp-content\/uploads\/2025\/06\/506835136_122196737906099843_3253107858188979740_n.jpg\" data-rel=\"lightbox-image-0\" data-rl_title=\"\" data-rl_caption=\"\" title=\"\"><img loading=\"lazy\" decoding=\"async\" width=\"1024\" height=\"684\" data-id=\"812\" src=\"https:\/\/conmotoslovakia.sk\/wp-content\/uploads\/2025\/06\/506835136_122196737906099843_3253107858188979740_n-1024x684.jpg\" alt=\"\" class=\"wp-image-812\" srcset=\"https:\/\/conmotoslovakia.sk\/wp-content\/uploads\/2025\/06\/506835136_122196737906099843_3253107858188979740_n-1024x684.jpg 1024w, https:\/\/conmotoslovakia.sk\/wp-content\/uploads\/2025\/06\/506835136_122196737906099843_3253107858188979740_n-300x200.jpg 300w, https:\/\/conmotoslovakia.sk\/wp-content\/uploads\/2025\/06\/506835136_122196737906099843_3253107858188979740_n-768x513.jpg 768w, https:\/\/conmotoslovakia.sk\/wp-content\/uploads\/2025\/06\/506835136_122196737906099843_3253107858188979740_n-1536x1026.jpg 1536w, https:\/\/conmotoslovakia.sk\/wp-content\/uploads\/2025\/06\/506835136_122196737906099843_3253107858188979740_n-1200x802.jpg 1200w, https:\/\/conmotoslovakia.sk\/wp-content\/uploads\/2025\/06\/506835136_122196737906099843_3253107858188979740_n.jpg 2048w\" sizes=\"auto, (max-width: 709px) 85vw, (max-width: 909px) 67vw, (max-width: 1362px) 62vw, 840px\" \/><\/a><\/figure>\n\n\n\n<figure class=\"wp-block-image size-large\"><a href=\"https:\/\/conmotoslovakia.sk\/wp-content\/uploads\/2025\/06\/SALOM-PLAGAT-25.jpg\" data-rel=\"lightbox-image-1\" data-rl_title=\"\" data-rl_caption=\"\" title=\"\"><img loading=\"lazy\" decoding=\"async\" width=\"724\" height=\"1024\" data-id=\"813\" src=\"https:\/\/conmotoslovakia.sk\/wp-content\/uploads\/2025\/06\/SALOM-PLAGAT-25-724x1024.jpg\" alt=\"\" class=\"wp-image-813\" srcset=\"https:\/\/conmotoslovakia.sk\/wp-content\/uploads\/2025\/06\/SALOM-PLAGAT-25-724x1024.jpg 724w, https:\/\/conmotoslovakia.sk\/wp-content\/uploads\/2025\/06\/SALOM-PLAGAT-25-212x300.jpg 212w, https:\/\/conmotoslovakia.sk\/wp-content\/uploads\/2025\/06\/SALOM-PLAGAT-25-768x1086.jpg 768w, https:\/\/conmotoslovakia.sk\/wp-content\/uploads\/2025\/06\/SALOM-PLAGAT-25-1086x1536.jpg 1086w, https:\/\/conmotoslovakia.sk\/wp-content\/uploads\/2025\/06\/SALOM-PLAGAT-25-1448x2048.jpg 1448w, https:\/\/conmotoslovakia.sk\/wp-content\/uploads\/2025\/06\/SALOM-PLAGAT-25-1200x1698.jpg 1200w, https:\/\/conmotoslovakia.sk\/wp-content\/uploads\/2025\/06\/SALOM-PLAGAT-25.jpg 1587w\" sizes=\"auto, (max-width: 709px) 85vw, (max-width: 909px) 67vw, (max-width: 984px) 61vw, (max-width: 1362px) 45vw, 600px\" \/><\/a><\/figure>\n\n\n\n<figure class=\"wp-block-image size-large\"><a href=\"http:\/\/conmotoslovakia.sk\/wp-content\/uploads\/2025\/06\/DSC_5273.jpg\" data-rel=\"lightbox-image-2\" data-rl_title=\"\" data-rl_caption=\"\" title=\"\"><img loading=\"lazy\" decoding=\"async\" width=\"1024\" height=\"684\" data-id=\"843\" src=\"http:\/\/conmotoslovakia.sk\/wp-content\/uploads\/2025\/06\/DSC_5273-1024x684.jpg\" alt=\"\" class=\"wp-image-843\" srcset=\"https:\/\/conmotoslovakia.sk\/wp-content\/uploads\/2025\/06\/DSC_5273-1024x684.jpg 1024w, https:\/\/conmotoslovakia.sk\/wp-content\/uploads\/2025\/06\/DSC_5273-300x200.jpg 300w, https:\/\/conmotoslovakia.sk\/wp-content\/uploads\/2025\/06\/DSC_5273-768x513.jpg 768w, https:\/\/conmotoslovakia.sk\/wp-content\/uploads\/2025\/06\/DSC_5273-1536x1025.jpg 1536w, https:\/\/conmotoslovakia.sk\/wp-content\/uploads\/2025\/06\/DSC_5273-2048x1367.jpg 2048w, https:\/\/conmotoslovakia.sk\/wp-content\/uploads\/2025\/06\/DSC_5273-1200x801.jpg 1200w\" sizes=\"auto, (max-width: 709px) 85vw, (max-width: 909px) 67vw, (max-width: 1362px) 62vw, 840px\" \/><\/a><\/figure>\n\n\n\n<figure class=\"wp-block-image size-large\"><a href=\"https:\/\/conmotoslovakia.sk\/wp-content\/uploads\/2025\/06\/DSC_5229.jpg\" data-rel=\"lightbox-image-3\" data-rl_title=\"\" data-rl_caption=\"\" title=\"\"><img loading=\"lazy\" decoding=\"async\" width=\"1024\" height=\"684\" data-id=\"832\" src=\"https:\/\/conmotoslovakia.sk\/wp-content\/uploads\/2025\/06\/DSC_5229-1024x684.jpg\" alt=\"\" class=\"wp-image-832\" srcset=\"https:\/\/conmotoslovakia.sk\/wp-content\/uploads\/2025\/06\/DSC_5229-1024x684.jpg 1024w, https:\/\/conmotoslovakia.sk\/wp-content\/uploads\/2025\/06\/DSC_5229-300x200.jpg 300w, https:\/\/conmotoslovakia.sk\/wp-content\/uploads\/2025\/06\/DSC_5229-768x513.jpg 768w, https:\/\/conmotoslovakia.sk\/wp-content\/uploads\/2025\/06\/DSC_5229-1536x1025.jpg 1536w, https:\/\/conmotoslovakia.sk\/wp-content\/uploads\/2025\/06\/DSC_5229-2048x1367.jpg 2048w, https:\/\/conmotoslovakia.sk\/wp-content\/uploads\/2025\/06\/DSC_5229-1200x801.jpg 1200w\" sizes=\"auto, (max-width: 709px) 85vw, (max-width: 909px) 67vw, (max-width: 1362px) 62vw, 840px\" \/><\/a><\/figure>\n\n\n\n<figure class=\"wp-block-image size-large\"><a href=\"https:\/\/conmotoslovakia.sk\/wp-content\/uploads\/2025\/06\/DSC_5011.jpg\" data-rel=\"lightbox-image-4\" data-rl_title=\"\" data-rl_caption=\"\" title=\"\"><img loading=\"lazy\" decoding=\"async\" width=\"1024\" height=\"684\" data-id=\"831\" src=\"https:\/\/conmotoslovakia.sk\/wp-content\/uploads\/2025\/06\/DSC_5011-1024x684.jpg\" alt=\"\" class=\"wp-image-831\" srcset=\"https:\/\/conmotoslovakia.sk\/wp-content\/uploads\/2025\/06\/DSC_5011-1024x684.jpg 1024w, https:\/\/conmotoslovakia.sk\/wp-content\/uploads\/2025\/06\/DSC_5011-300x200.jpg 300w, https:\/\/conmotoslovakia.sk\/wp-content\/uploads\/2025\/06\/DSC_5011-768x513.jpg 768w, https:\/\/conmotoslovakia.sk\/wp-content\/uploads\/2025\/06\/DSC_5011-1536x1025.jpg 1536w, https:\/\/conmotoslovakia.sk\/wp-content\/uploads\/2025\/06\/DSC_5011-2048x1367.jpg 2048w, https:\/\/conmotoslovakia.sk\/wp-content\/uploads\/2025\/06\/DSC_5011-1200x801.jpg 1200w\" sizes=\"auto, (max-width: 709px) 85vw, (max-width: 909px) 67vw, (max-width: 1362px) 62vw, 840px\" \/><\/a><\/figure>\n<\/figure>\n\n\n\n<p>Kwintet \u015al\u0105skich Kameralist\u00f3w je komorn\u00fd s\u00fabor hudobn\u00edkov \u2013 ved\u00facich osobnost\u00ed Sliezskeho komorn\u00e9ho orchestra. Bol zalo\u017een\u00fd v j\u00fali 1993 ako kvarteto a nesk\u00f4r sa roz\u0161\u00edril o kontrabas. Hral na mnoh\u00fdch festivaloch v Po\u013esku a po celej Eur\u00f3pe.<br>V\u010faka svojim vysok\u00fdm umeleck\u00fdm schopnostiam a mobilite je kvinteto elitnou kapelou poz\u00fdvanou na r\u00f4zne podujatia. Pravidelne koncertuje po celej krajine a jeho reperto\u00e1r zah\u0155\u0148a \u0161irok\u00fa \u0161k\u00e1lu skladieb r\u00f4znych \u017e\u00e1nrov, \u0161t\u00fdlov a hudobn\u00fdch obdob\u00ed. Spolupracuje s najlep\u0161\u00edmi spev\u00e1kmi opern\u00fdch a operetn\u00fdch sc\u00e9n, ako aj s in\u0161trumentalistami \u2013 virtu\u00f3zmi. Jeho koncertn\u00fdm majstrom je vynikaj\u00faci huslista a aran\u017e\u00e9r v jednej osobe \u2013 Dariusz Zboch. Jeho dielo obsahuje s\u00e9riu aran\u017em\u00e1nov zlat\u00fdch hitov 60. a 70. rokov z reperto\u00e1ru celebr\u00edt ako: Procol Harum, Queen, Pink Floyd, Elvis Presley, The Beatles, Abba alebo Deep Purple.<br>V\u010faka pozoruhodn\u00e9mu talentu hlavn\u00e9ho huslistu kapela nem\u00e1 \u017eiadne programov\u00e9 obmedzenia, \u010do dokazuje aj ich 5 CD. S\u00fabor nahral nielen klasick\u00e9 komorn\u00e9 hity, ako napr\u00edklad Brahmsove a Schubertove \u201eKlav\u00edrne kvintet\u00e1\u201c, ale aj \u017eidovsk\u00fa hudbu a rockov\u00e9 skladby.<br>V\u0161etci hudobn\u00edci s\u00fa skvel\u00ed in\u0161trumentalisti, absolventi najlep\u0161\u00edch po\u013esk\u00fdch a zahrani\u010dn\u00fdch hudobn\u00fdch univerz\u00edt a v\u0161etci sa po\u010das svojej kari\u00e9ry z\u00fa\u010dastnili mnoh\u00fdch prest\u00ed\u017enych festivalov: Schleswig-Holstein Musik Festiwal, MDR Musiksommer, Rheingau Musik Festival, Festival v Ayamonte a International Music Festival v Rialpe. Spolupracovali s mnoh\u00fdmi vynikaj\u00facimi dirigentmi a s\u00f3listami, ako s\u00fa: Yehudi Menuhin, Valery Gergiev, Nanse Gum, Christoph Eschenbach, Justus Frantz, Pinchas Zuckerman, Maxim Vengerov, Mscislav Rostropovich, Mischa Maisky, Ivan Monighetti, a tie\u017e s orchestrami: Sinfonia Varsovia, Sinfonietta Cracovia, Deutsches Kammerorchester, Philharmonie der Nationen, World Symphony Orchestra.<br>Kwintet \u015al\u0105skich Kameralist\u00f3w:<br>Dariusz Zboch \u2013 husle<br>Jakub \u0141ysik \u2013 husle<br>Jaros\u0142aw Marzec \u2013 viola<br>Katarzyna Biedrowska \u2013 violon\u010delo<br>Dawid Lewandowski \u2013 kontrabas<\/p>\n","protected":false},"excerpt":{"rendered":"<p>Kwintet \u015al\u0105skich Kameralist\u00f3w je komorn\u00fd s\u00fabor hudobn\u00edkov \u2013 ved\u00facich osobnost\u00ed Sliezskeho komorn\u00e9ho orchestra. Bol zalo\u017een\u00fd v j\u00fali 1993 ako kvarteto a nesk\u00f4r sa roz\u0161\u00edril o kontrabas. Hral na mnoh\u00fdch festivaloch v Po\u013esku a po celej Eur\u00f3pe.V\u010faka svojim vysok\u00fdm umeleck\u00fdm schopnostiam a mobilite je kvinteto elitnou kapelou poz\u00fdvanou na r\u00f4zne podujatia. Pravidelne koncertuje po celej krajine &hellip; <a href=\"https:\/\/conmotoslovakia.sk\/?p=811\" class=\"more-link\">Pokra\u010dova\u0165 v \u010d\u00edtan\u00ed<span class=\"screen-reader-text\"> &#8222;\u010cak\u00e1 n\u00e1s \u0160alom alejchem 2025&#8220;<\/span><\/a><\/p>\n","protected":false},"author":1,"featured_media":0,"comment_status":"closed","ping_status":"open","sticky":false,"template":"","format":"standard","meta":{"footnotes":""},"categories":[1],"tags":[],"class_list":["post-811","post","type-post","status-publish","format-standard","hentry","category-nezaradene"],"yoast_head":"<!-- This site is optimized with the Yoast SEO plugin v27.5 - https:\/\/yoast.com\/product\/yoast-seo-wordpress\/ -->\n<title>\u010cak\u00e1 n\u00e1s \u0160alom alejchem 2025 - CON MOTO SLOVAKIA<\/title>\n<meta name=\"robots\" content=\"index, follow, max-snippet:-1, max-image-preview:large, max-video-preview:-1\" \/>\n<link rel=\"canonical\" href=\"https:\/\/conmotoslovakia.sk\/?p=811\" \/>\n<meta property=\"og:locale\" content=\"sk_SK\" \/>\n<meta property=\"og:type\" content=\"article\" \/>\n<meta property=\"og:title\" content=\"\u010cak\u00e1 n\u00e1s \u0160alom alejchem 2025 - CON MOTO SLOVAKIA\" \/>\n<meta property=\"og:description\" content=\"Kwintet \u015al\u0105skich Kameralist\u00f3w je komorn\u00fd s\u00fabor hudobn\u00edkov \u2013 ved\u00facich osobnost\u00ed Sliezskeho komorn\u00e9ho orchestra. Bol zalo\u017een\u00fd v j\u00fali 1993 ako kvarteto a nesk\u00f4r sa roz\u0161\u00edril o kontrabas. Hral na mnoh\u00fdch festivaloch v Po\u013esku a po celej Eur\u00f3pe.V\u010faka svojim vysok\u00fdm umeleck\u00fdm schopnostiam a mobilite je kvinteto elitnou kapelou poz\u00fdvanou na r\u00f4zne podujatia. Pravidelne koncertuje po celej krajine &hellip; Pokra\u010dova\u0165 v \u010d\u00edtan\u00ed &quot;\u010cak\u00e1 n\u00e1s \u0160alom alejchem 2025&quot;\" \/>\n<meta property=\"og:url\" content=\"https:\/\/conmotoslovakia.sk\/?p=811\" \/>\n<meta property=\"og:site_name\" content=\"CON MOTO SLOVAKIA\" \/>\n<meta property=\"article:publisher\" content=\"https:\/\/www.facebook.com\/groups\/1433289267001405\/\" \/>\n<meta property=\"article:published_time\" content=\"2025-06-15T20:01:30+00:00\" \/>\n<meta property=\"article:modified_time\" content=\"2025-06-16T19:09:59+00:00\" \/>\n<meta property=\"og:image\" content=\"https:\/\/conmotoslovakia.sk\/wp-content\/uploads\/2025\/06\/506835136_122196737906099843_3253107858188979740_n.jpg\" \/>\n\t<meta property=\"og:image:width\" content=\"2048\" \/>\n\t<meta property=\"og:image:height\" content=\"1368\" \/>\n\t<meta property=\"og:image:type\" content=\"image\/jpeg\" \/>\n<meta name=\"author\" content=\"conmotoslovakia\" \/>\n<meta name=\"twitter:card\" content=\"summary_large_image\" \/>\n<meta name=\"twitter:label1\" content=\"Autor\" \/>\n\t<meta name=\"twitter:data1\" content=\"conmotoslovakia\" \/>\n\t<meta name=\"twitter:label2\" content=\"Predpokladan\u00fd \u010das \u010d\u00edtania\" \/>\n\t<meta name=\"twitter:data2\" content=\"3 min\u00faty\" \/>\n<script type=\"application\/ld+json\" class=\"yoast-schema-graph\">{\"@context\":\"https:\\\/\\\/schema.org\",\"@graph\":[{\"@type\":\"Article\",\"@id\":\"https:\\\/\\\/conmotoslovakia.sk\\\/?p=811#article\",\"isPartOf\":{\"@id\":\"https:\\\/\\\/conmotoslovakia.sk\\\/?p=811\"},\"author\":{\"name\":\"conmotoslovakia\",\"@id\":\"https:\\\/\\\/conmotoslovakia.sk\\\/#\\\/schema\\\/person\\\/56a4fd6cae6fda25cf67577fb81102ae\"},\"headline\":\"\u010cak\u00e1 n\u00e1s \u0160alom alejchem 2025\",\"datePublished\":\"2025-06-15T20:01:30+00:00\",\"dateModified\":\"2025-06-16T19:09:59+00:00\",\"mainEntityOfPage\":{\"@id\":\"https:\\\/\\\/conmotoslovakia.sk\\\/?p=811\"},\"wordCount\":326,\"publisher\":{\"@id\":\"https:\\\/\\\/conmotoslovakia.sk\\\/#organization\"},\"image\":{\"@id\":\"https:\\\/\\\/conmotoslovakia.sk\\\/?p=811#primaryimage\"},\"thumbnailUrl\":\"https:\\\/\\\/conmotoslovakia.sk\\\/wp-content\\\/uploads\\\/2025\\\/06\\\/506835136_122196737906099843_3253107858188979740_n-1024x684.jpg\",\"inLanguage\":\"sk-SK\"},{\"@type\":\"WebPage\",\"@id\":\"https:\\\/\\\/conmotoslovakia.sk\\\/?p=811\",\"url\":\"https:\\\/\\\/conmotoslovakia.sk\\\/?p=811\",\"name\":\"\u010cak\u00e1 n\u00e1s \u0160alom alejchem 2025 - CON MOTO SLOVAKIA\",\"isPartOf\":{\"@id\":\"https:\\\/\\\/conmotoslovakia.sk\\\/#website\"},\"primaryImageOfPage\":{\"@id\":\"https:\\\/\\\/conmotoslovakia.sk\\\/?p=811#primaryimage\"},\"image\":{\"@id\":\"https:\\\/\\\/conmotoslovakia.sk\\\/?p=811#primaryimage\"},\"thumbnailUrl\":\"https:\\\/\\\/conmotoslovakia.sk\\\/wp-content\\\/uploads\\\/2025\\\/06\\\/506835136_122196737906099843_3253107858188979740_n-1024x684.jpg\",\"datePublished\":\"2025-06-15T20:01:30+00:00\",\"dateModified\":\"2025-06-16T19:09:59+00:00\",\"breadcrumb\":{\"@id\":\"https:\\\/\\\/conmotoslovakia.sk\\\/?p=811#breadcrumb\"},\"inLanguage\":\"sk-SK\",\"potentialAction\":[{\"@type\":\"ReadAction\",\"target\":[\"https:\\\/\\\/conmotoslovakia.sk\\\/?p=811\"]}]},{\"@type\":\"ImageObject\",\"inLanguage\":\"sk-SK\",\"@id\":\"https:\\\/\\\/conmotoslovakia.sk\\\/?p=811#primaryimage\",\"url\":\"https:\\\/\\\/conmotoslovakia.sk\\\/wp-content\\\/uploads\\\/2025\\\/06\\\/506835136_122196737906099843_3253107858188979740_n.jpg\",\"contentUrl\":\"https:\\\/\\\/conmotoslovakia.sk\\\/wp-content\\\/uploads\\\/2025\\\/06\\\/506835136_122196737906099843_3253107858188979740_n.jpg\",\"width\":2048,\"height\":1368},{\"@type\":\"BreadcrumbList\",\"@id\":\"https:\\\/\\\/conmotoslovakia.sk\\\/?p=811#breadcrumb\",\"itemListElement\":[{\"@type\":\"ListItem\",\"position\":1,\"name\":\"Home\",\"item\":\"https:\\\/\\\/conmotoslovakia.sk\\\/\"},{\"@type\":\"ListItem\",\"position\":2,\"name\":\"\u010cak\u00e1 n\u00e1s \u0160alom alejchem 2025\"}]},{\"@type\":\"WebSite\",\"@id\":\"https:\\\/\\\/conmotoslovakia.sk\\\/#website\",\"url\":\"https:\\\/\\\/conmotoslovakia.sk\\\/\",\"name\":\"CON MOTO SLOVAKIA\",\"description\":\"Zbor dirigentov a hudobn\u00fdch nad\u0161encov Slovenska\",\"publisher\":{\"@id\":\"https:\\\/\\\/conmotoslovakia.sk\\\/#organization\"},\"potentialAction\":[{\"@type\":\"SearchAction\",\"target\":{\"@type\":\"EntryPoint\",\"urlTemplate\":\"https:\\\/\\\/conmotoslovakia.sk\\\/?s={search_term_string}\"},\"query-input\":{\"@type\":\"PropertyValueSpecification\",\"valueRequired\":true,\"valueName\":\"search_term_string\"}}],\"inLanguage\":\"sk-SK\"},{\"@type\":\"Organization\",\"@id\":\"https:\\\/\\\/conmotoslovakia.sk\\\/#organization\",\"name\":\"CON MOTO SLOVAKIA\",\"url\":\"https:\\\/\\\/conmotoslovakia.sk\\\/\",\"logo\":{\"@type\":\"ImageObject\",\"inLanguage\":\"sk-SK\",\"@id\":\"https:\\\/\\\/conmotoslovakia.sk\\\/#\\\/schema\\\/logo\\\/image\\\/\",\"url\":\"https:\\\/\\\/conmotoslovakia.sk\\\/wp-content\\\/uploads\\\/2026\\\/01\\\/cropped-Logo.jpg\",\"contentUrl\":\"https:\\\/\\\/conmotoslovakia.sk\\\/wp-content\\\/uploads\\\/2026\\\/01\\\/cropped-Logo.jpg\",\"width\":512,\"height\":512,\"caption\":\"CON MOTO SLOVAKIA\"},\"image\":{\"@id\":\"https:\\\/\\\/conmotoslovakia.sk\\\/#\\\/schema\\\/logo\\\/image\\\/\"},\"sameAs\":[\"https:\\\/\\\/www.facebook.com\\\/groups\\\/1433289267001405\\\/\",\"https:\\\/\\\/www.instagram.com\\\/conmoto_zbor\"]},{\"@type\":\"Person\",\"@id\":\"https:\\\/\\\/conmotoslovakia.sk\\\/#\\\/schema\\\/person\\\/56a4fd6cae6fda25cf67577fb81102ae\",\"name\":\"conmotoslovakia\",\"url\":\"https:\\\/\\\/conmotoslovakia.sk\\\/?author=1\"}]}<\/script>\n<!-- \/ Yoast SEO plugin. -->","yoast_head_json":{"title":"\u010cak\u00e1 n\u00e1s \u0160alom alejchem 2025 - CON MOTO SLOVAKIA","robots":{"index":"index","follow":"follow","max-snippet":"max-snippet:-1","max-image-preview":"max-image-preview:large","max-video-preview":"max-video-preview:-1"},"canonical":"https:\/\/conmotoslovakia.sk\/?p=811","og_locale":"sk_SK","og_type":"article","og_title":"\u010cak\u00e1 n\u00e1s \u0160alom alejchem 2025 - CON MOTO SLOVAKIA","og_description":"Kwintet \u015al\u0105skich Kameralist\u00f3w je komorn\u00fd s\u00fabor hudobn\u00edkov \u2013 ved\u00facich osobnost\u00ed Sliezskeho komorn\u00e9ho orchestra. Bol zalo\u017een\u00fd v j\u00fali 1993 ako kvarteto a nesk\u00f4r sa roz\u0161\u00edril o kontrabas. Hral na mnoh\u00fdch festivaloch v Po\u013esku a po celej Eur\u00f3pe.V\u010faka svojim vysok\u00fdm umeleck\u00fdm schopnostiam a mobilite je kvinteto elitnou kapelou poz\u00fdvanou na r\u00f4zne podujatia. Pravidelne koncertuje po celej krajine &hellip; Pokra\u010dova\u0165 v \u010d\u00edtan\u00ed \"\u010cak\u00e1 n\u00e1s \u0160alom alejchem 2025\"","og_url":"https:\/\/conmotoslovakia.sk\/?p=811","og_site_name":"CON MOTO SLOVAKIA","article_publisher":"https:\/\/www.facebook.com\/groups\/1433289267001405\/","article_published_time":"2025-06-15T20:01:30+00:00","article_modified_time":"2025-06-16T19:09:59+00:00","og_image":[{"width":2048,"height":1368,"url":"https:\/\/conmotoslovakia.sk\/wp-content\/uploads\/2025\/06\/506835136_122196737906099843_3253107858188979740_n.jpg","type":"image\/jpeg"}],"author":"conmotoslovakia","twitter_card":"summary_large_image","twitter_misc":{"Autor":"conmotoslovakia","Predpokladan\u00fd \u010das \u010d\u00edtania":"3 min\u00faty"},"schema":{"@context":"https:\/\/schema.org","@graph":[{"@type":"Article","@id":"https:\/\/conmotoslovakia.sk\/?p=811#article","isPartOf":{"@id":"https:\/\/conmotoslovakia.sk\/?p=811"},"author":{"name":"conmotoslovakia","@id":"https:\/\/conmotoslovakia.sk\/#\/schema\/person\/56a4fd6cae6fda25cf67577fb81102ae"},"headline":"\u010cak\u00e1 n\u00e1s \u0160alom alejchem 2025","datePublished":"2025-06-15T20:01:30+00:00","dateModified":"2025-06-16T19:09:59+00:00","mainEntityOfPage":{"@id":"https:\/\/conmotoslovakia.sk\/?p=811"},"wordCount":326,"publisher":{"@id":"https:\/\/conmotoslovakia.sk\/#organization"},"image":{"@id":"https:\/\/conmotoslovakia.sk\/?p=811#primaryimage"},"thumbnailUrl":"https:\/\/conmotoslovakia.sk\/wp-content\/uploads\/2025\/06\/506835136_122196737906099843_3253107858188979740_n-1024x684.jpg","inLanguage":"sk-SK"},{"@type":"WebPage","@id":"https:\/\/conmotoslovakia.sk\/?p=811","url":"https:\/\/conmotoslovakia.sk\/?p=811","name":"\u010cak\u00e1 n\u00e1s \u0160alom alejchem 2025 - CON MOTO SLOVAKIA","isPartOf":{"@id":"https:\/\/conmotoslovakia.sk\/#website"},"primaryImageOfPage":{"@id":"https:\/\/conmotoslovakia.sk\/?p=811#primaryimage"},"image":{"@id":"https:\/\/conmotoslovakia.sk\/?p=811#primaryimage"},"thumbnailUrl":"https:\/\/conmotoslovakia.sk\/wp-content\/uploads\/2025\/06\/506835136_122196737906099843_3253107858188979740_n-1024x684.jpg","datePublished":"2025-06-15T20:01:30+00:00","dateModified":"2025-06-16T19:09:59+00:00","breadcrumb":{"@id":"https:\/\/conmotoslovakia.sk\/?p=811#breadcrumb"},"inLanguage":"sk-SK","potentialAction":[{"@type":"ReadAction","target":["https:\/\/conmotoslovakia.sk\/?p=811"]}]},{"@type":"ImageObject","inLanguage":"sk-SK","@id":"https:\/\/conmotoslovakia.sk\/?p=811#primaryimage","url":"https:\/\/conmotoslovakia.sk\/wp-content\/uploads\/2025\/06\/506835136_122196737906099843_3253107858188979740_n.jpg","contentUrl":"https:\/\/conmotoslovakia.sk\/wp-content\/uploads\/2025\/06\/506835136_122196737906099843_3253107858188979740_n.jpg","width":2048,"height":1368},{"@type":"BreadcrumbList","@id":"https:\/\/conmotoslovakia.sk\/?p=811#breadcrumb","itemListElement":[{"@type":"ListItem","position":1,"name":"Home","item":"https:\/\/conmotoslovakia.sk\/"},{"@type":"ListItem","position":2,"name":"\u010cak\u00e1 n\u00e1s \u0160alom alejchem 2025"}]},{"@type":"WebSite","@id":"https:\/\/conmotoslovakia.sk\/#website","url":"https:\/\/conmotoslovakia.sk\/","name":"CON MOTO SLOVAKIA","description":"Zbor dirigentov a hudobn\u00fdch nad\u0161encov Slovenska","publisher":{"@id":"https:\/\/conmotoslovakia.sk\/#organization"},"potentialAction":[{"@type":"SearchAction","target":{"@type":"EntryPoint","urlTemplate":"https:\/\/conmotoslovakia.sk\/?s={search_term_string}"},"query-input":{"@type":"PropertyValueSpecification","valueRequired":true,"valueName":"search_term_string"}}],"inLanguage":"sk-SK"},{"@type":"Organization","@id":"https:\/\/conmotoslovakia.sk\/#organization","name":"CON MOTO SLOVAKIA","url":"https:\/\/conmotoslovakia.sk\/","logo":{"@type":"ImageObject","inLanguage":"sk-SK","@id":"https:\/\/conmotoslovakia.sk\/#\/schema\/logo\/image\/","url":"https:\/\/conmotoslovakia.sk\/wp-content\/uploads\/2026\/01\/cropped-Logo.jpg","contentUrl":"https:\/\/conmotoslovakia.sk\/wp-content\/uploads\/2026\/01\/cropped-Logo.jpg","width":512,"height":512,"caption":"CON MOTO SLOVAKIA"},"image":{"@id":"https:\/\/conmotoslovakia.sk\/#\/schema\/logo\/image\/"},"sameAs":["https:\/\/www.facebook.com\/groups\/1433289267001405\/","https:\/\/www.instagram.com\/conmoto_zbor"]},{"@type":"Person","@id":"https:\/\/conmotoslovakia.sk\/#\/schema\/person\/56a4fd6cae6fda25cf67577fb81102ae","name":"conmotoslovakia","url":"https:\/\/conmotoslovakia.sk\/?author=1"}]}},"_links":{"self":[{"href":"https:\/\/conmotoslovakia.sk\/index.php?rest_route=\/wp\/v2\/posts\/811","targetHints":{"allow":["GET"]}}],"collection":[{"href":"https:\/\/conmotoslovakia.sk\/index.php?rest_route=\/wp\/v2\/posts"}],"about":[{"href":"https:\/\/conmotoslovakia.sk\/index.php?rest_route=\/wp\/v2\/types\/post"}],"author":[{"embeddable":true,"href":"https:\/\/conmotoslovakia.sk\/index.php?rest_route=\/wp\/v2\/users\/1"}],"replies":[{"embeddable":true,"href":"https:\/\/conmotoslovakia.sk\/index.php?rest_route=%2Fwp%2Fv2%2Fcomments&post=811"}],"version-history":[{"count":3,"href":"https:\/\/conmotoslovakia.sk\/index.php?rest_route=\/wp\/v2\/posts\/811\/revisions"}],"predecessor-version":[{"id":847,"href":"https:\/\/conmotoslovakia.sk\/index.php?rest_route=\/wp\/v2\/posts\/811\/revisions\/847"}],"wp:attachment":[{"href":"https:\/\/conmotoslovakia.sk\/index.php?rest_route=%2Fwp%2Fv2%2Fmedia&parent=811"}],"wp:term":[{"taxonomy":"category","embeddable":true,"href":"https:\/\/conmotoslovakia.sk\/index.php?rest_route=%2Fwp%2Fv2%2Fcategories&post=811"},{"taxonomy":"post_tag","embeddable":true,"href":"https:\/\/conmotoslovakia.sk\/index.php?rest_route=%2Fwp%2Fv2%2Ftags&post=811"}],"curies":[{"name":"wp","href":"https:\/\/api.w.org\/{rel}","templated":true}]}}